{"id":828,"date":"2019-03-25T12:04:23","date_gmt":"2019-03-25T18:04:23","guid":{"rendered":"http:\/\/solounviajero.com\/?p=828"},"modified":"2019-04-08T17:07:26","modified_gmt":"2019-04-08T23:07:26","slug":"avinon-el-palacio-de-los-papas-y-la-historia-que-dividio-al-mundo","status":"publish","type":"post","link":"https:\/\/solounviajero.com\/?p=828","title":{"rendered":"Avi\u00f1\u00f3n, el Palacio de los Papas y la historia que dividi\u00f3 al mundo"},"content":{"rendered":"\n<iframe loading=\"lazy\" width=\"560\" height=\"315\" src=\"https:\/\/www.youtube.com\/embed\/Dyh6yL_Hocc\" frameborder=\"0\" allow=\"accelerometer; autoplay; encrypted-media; gyroscope; picture-in-picture\" allowfullscreen><\/iframe>\n\n\n\n<p>D\u00eda 9 de nuestro viaje en carretera por Francia y Catalu\u00f1a,\nnos despedimos de Lyon para dirigimos a Avi\u00f1\u00f3n, una ciudad repleta de historia.\nAh\u00ed conocemos uno de los palacios m\u00e1s bonitos y con mayor historia de Europa:\nEl Palacio de los Papas. Adem\u00e1s recorremos las tranquilas calles de este pueblo\ndel sur de Francia y visitamos el puente de Avi\u00f1\u00f3n, tambi\u00e9n conocido como el\nPont St-B\u00e9n\u00e9zet, un famoso puente medieval sobre el r\u00edo R\u00f3dano.<\/p>\n\n\n\n<p>Acomp\u00e1\u00f1anos en este nuevo video de Solo un Viajero.<\/p>\n\n\n\n<p>Cr\u00e9ditos\nMusicales: Torrance Sunset, Invitation to the Castle, Procession, Sunny Looks\nGood on You, Forever Yours \u2013 YouTube Audio Library<\/p>\n","protected":false},"excerpt":{"rendered":"<p>D\u00eda 9 de nuestro viaje en carretera por Francia y Catalu\u00f1a, nos despedimos de Lyon para dirigimos a Avi\u00f1\u00f3n, una ciudad repleta de historia. Ah\u00ed conocemos uno de los palacios m\u00e1s bonitos y con mayor historia de Europa: El Palacio de los Papas. Adem\u00e1s recorremos las tranquilas calles de este pueblo del sur de Francia&hellip; <a class=\"more-link\" href=\"https:\/\/solounviajero.com\/?p=828\">Read More <span class=\"screen-reader-text\">Avi\u00f1\u00f3n, el Palacio de los Papas y la historia que dividi\u00f3 al mundo<\/span><\/a><\/p>\n","protected":false},"author":1,"featured_media":829,"comment_status":"open","ping_status":"closed","sticky":false,"template":"","format":"standard","meta":[],"categories":[2],"tags":[631,633,632,630,636,639,629,634,637,638,635,641,640,568],"_links":{"self":[{"href":"https:\/\/solounviajero.com\/index.php?rest_route=\/wp\/v2\/posts\/828"}],"collection":[{"href":"https:\/\/solounviajero.com\/index.php?rest_route=\/wp\/v2\/posts"}],"about":[{"href":"https:\/\/solounviajero.com\/index.php?rest_route=\/wp\/v2\/types\/post"}],"author":[{"embeddable":true,"href":"https:\/\/solounviajero.com\/index.php?rest_route=\/wp\/v2\/users\/1"}],"replies":[{"embeddable":true,"href":"https:\/\/solounviajero.com\/index.php?rest_route=%2Fwp%2Fv2%2Fcomments&post=828"}],"version-history":[{"count":2,"href":"https:\/\/solounviajero.com\/index.php?rest_route=\/wp\/v2\/posts\/828\/revisions"}],"predecessor-version":[{"id":836,"href":"https:\/\/solounviajero.com\/index.php?rest_route=\/wp\/v2\/posts\/828\/revisions\/836"}],"wp:featuredmedia":[{"embeddable":true,"href":"https:\/\/solounviajero.com\/index.php?rest_route=\/wp\/v2\/media\/829"}],"wp:attachment":[{"href":"https:\/\/solounviajero.com\/index.php?rest_route=%2Fwp%2Fv2%2Fmedia&parent=828"}],"wp:term":[{"taxonomy":"category","embeddable":true,"href":"https:\/\/solounviajero.com\/index.php?rest_route=%2Fwp%2Fv2%2Fcategories&post=828"},{"taxonomy":"post_tag","embeddable":true,"href":"https:\/\/solounviajero.com\/index.php?rest_route=%2Fwp%2Fv2%2Ftags&post=828"}],"curies":[{"name":"wp","href":"https:\/\/api.w.org\/{rel}","templated":true}]}}